{"id":170,"date":"2015-03-22T12:53:29","date_gmt":"2015-03-22T10:53:29","guid":{"rendered":"http:\/\/www.footonomics.de\/?p=170"},"modified":"2016-02-17T21:26:30","modified_gmt":"2016-02-17T20:26:30","slug":"hsv-muss-kuehne-darlehen-zurueckzahlen","status":"publish","type":"post","link":"http:\/\/www.tus-waldfeucht.de\/?p=170","title":{"rendered":"Saisoner\u00f6ffnung 2015"},"content":{"rendered":"<p>Platzer\u00f6ffnung am 19. April!<\/p>\n<p>Die diesj\u00e4hrige Platzer\u00f6ffnung findet &#8211; abh\u00e4ngig von den Witterungsbedingungen &#8211; am Sonntag, den 19. April um 14.00 Uhr statt! F\u00fcr Tennis auf Weltklasse Niveau und f\u00fcr das leibliche Wohl von Spielern und Zuschauern ist wie immer gesorgt&#8230;<\/p>\n","protected":false},"excerpt":{"rendered":"<p>Platzer\u00f6ffnung am 19. April! Die diesj\u00e4hrige Platzer\u00f6ffnung findet &#8211; abh\u00e4ngig von den Witterungsbedingungen &#8211; am Sonntag, den 19. April um 14.00 Uhr statt! F\u00fcr Tennis auf Weltklasse Niveau und f\u00fcr das leibliche Wohl von Spielern und Zuschauern ist wie immer gesorgt&#8230;<\/p>\n","protected":false},"author":1,"featured_media":313,"comment_status":"closed","ping_status":"closed","sticky":false,"template":"","format":"standard","meta":{"footnotes":""},"categories":[6],"tags":[],"_links":{"self":[{"href":"http:\/\/www.tus-waldfeucht.de\/index.php?rest_route=\/wp\/v2\/posts\/170"}],"collection":[{"href":"http:\/\/www.tus-waldfeucht.de\/index.php?rest_route=\/wp\/v2\/posts"}],"about":[{"href":"http:\/\/www.tus-waldfeucht.de\/index.php?rest_route=\/wp\/v2\/types\/post"}],"author":[{"embeddable":true,"href":"http:\/\/www.tus-waldfeucht.de\/index.php?rest_route=\/wp\/v2\/users\/1"}],"replies":[{"embeddable":true,"href":"http:\/\/www.tus-waldfeucht.de\/index.php?rest_route=%2Fwp%2Fv2%2Fcomments&post=170"}],"version-history":[{"count":4,"href":"http:\/\/www.tus-waldfeucht.de\/index.php?rest_route=\/wp\/v2\/posts\/170\/revisions"}],"predecessor-version":[{"id":290,"href":"http:\/\/www.tus-waldfeucht.de\/index.php?rest_route=\/wp\/v2\/posts\/170\/revisions\/290"}],"wp:featuredmedia":[{"embeddable":true,"href":"http:\/\/www.tus-waldfeucht.de\/index.php?rest_route=\/wp\/v2\/media\/313"}],"wp:attachment":[{"href":"http:\/\/www.tus-waldfeucht.de\/index.php?rest_route=%2Fwp%2Fv2%2Fmedia&parent=170"}],"wp:term":[{"taxonomy":"category","embeddable":true,"href":"http:\/\/www.tus-waldfeucht.de\/index.php?rest_route=%2Fwp%2Fv2%2Fcategories&post=170"},{"taxonomy":"post_tag","embeddable":true,"href":"http:\/\/www.tus-waldfeucht.de\/index.php?rest_route=%2Fwp%2Fv2%2Ftags&post=170"}],"curies":[{"name":"wp","href":"https:\/\/api.w.org\/{rel}","templated":true}]}}