{"id":560,"date":"2017-05-07T12:17:04","date_gmt":"2017-05-07T11:17:04","guid":{"rendered":"http:\/\/www.tus-waldfeucht.de\/?p=560"},"modified":"2017-05-07T12:17:04","modified_gmt":"2017-05-07T11:17:04","slug":"pfingstturnier-in-haaren","status":"publish","type":"post","link":"http:\/\/www.tus-waldfeucht.de\/?p=560","title":{"rendered":"Pfingstturnier in Haaren"},"content":{"rendered":"<div>Der Tennisclub Haaren richtet in diesem Jahr wieder sein traditionelles Pfingstturnier aus, zu dem wir Eure Aktiven ganz herzlich einladen!<\/div>\n<div><\/div>\n<div>Wie im Vorjahr, wird Kalle Aufsfeld-Feiter die Koordination des Spielbetriebs \u00fcbernehmen. Nach bekanntem Modus werden die Paarungen flexibel entsprechend der Spielst\u00e4rke zusammengestellt. Deshalb ist auch eine Einzel-Anmeldung, also ohne Angabe eines Spielpartners, m\u00f6glich.<\/div>\n<div><\/div>\n<div>F\u00fcr alle Interessierten ist eine Anmeldung beigef\u00fcgt. Bitte schickt die komplett ausgef\u00fcllte Anmeldung bis sp\u00e4testens <strong>01.06.2017<\/strong> an Kalle Auffeld-Feiter. So kann er fr\u00fchzeitig die Mixed-Teams zusammenstellen. Damit wir die Aktiven auch kurzfristig \u00fcber organisatorische Belange informieren k\u00f6nnen, ist die Angabe der E-Mail-Adresse sehr hilfreich.<\/div>\n<p>&nbsp;<\/p>\n<div>Nach dem Mixed-Turnier steigt dann die allseits bekannte und beliebte Abschlussparty mit toller Live-Musik (neue Band!).<\/div>\n<div><\/div>\n<div>Wir w\u00fcrden uns freuen, die Tennisfreunde Eures Clubs in Haaren begr\u00fc\u00dfen zu d\u00fcrfen.<\/div>\n<div><\/div>\n<div><a href=\"http:\/\/www.tus-waldfeucht.de\/wp-content\/uploads\/2017\/05\/Anmeldung_Pfingstturnier.pdf\">Anmeldung_Pfingstturnier<\/a><\/div>\n<div><a href=\"http:\/\/www.tus-waldfeucht.de\/wp-content\/uploads\/2017\/05\/Plakat_2017.pdf\">Plakat_2017<\/a><\/div>\n","protected":false},"excerpt":{"rendered":"<p>Der Tennisclub Haaren richtet in diesem Jahr wieder sein traditionelles Pfingstturnier aus, zu dem wir Eure Aktiven ganz herzlich einladen! <a class=\"more-link\" href=\"http:\/\/www.tus-waldfeucht.de\/?p=560\">Weiterlesen&#8230;<\/a><\/p>\n","protected":false},"author":2,"featured_media":0,"comment_status":"closed","ping_status":"closed","sticky":false,"template":"","format":"standard","meta":{"footnotes":""},"categories":[39],"tags":[],"_links":{"self":[{"href":"http:\/\/www.tus-waldfeucht.de\/index.php?rest_route=\/wp\/v2\/posts\/560"}],"collection":[{"href":"http:\/\/www.tus-waldfeucht.de\/index.php?rest_route=\/wp\/v2\/posts"}],"about":[{"href":"http:\/\/www.tus-waldfeucht.de\/index.php?rest_route=\/wp\/v2\/types\/post"}],"author":[{"embeddable":true,"href":"http:\/\/www.tus-waldfeucht.de\/index.php?rest_route=\/wp\/v2\/users\/2"}],"replies":[{"embeddable":true,"href":"http:\/\/www.tus-waldfeucht.de\/index.php?rest_route=%2Fwp%2Fv2%2Fcomments&post=560"}],"version-history":[{"count":1,"href":"http:\/\/www.tus-waldfeucht.de\/index.php?rest_route=\/wp\/v2\/posts\/560\/revisions"}],"predecessor-version":[{"id":563,"href":"http:\/\/www.tus-waldfeucht.de\/index.php?rest_route=\/wp\/v2\/posts\/560\/revisions\/563"}],"wp:attachment":[{"href":"http:\/\/www.tus-waldfeucht.de\/index.php?rest_route=%2Fwp%2Fv2%2Fmedia&parent=560"}],"wp:term":[{"taxonomy":"category","embeddable":true,"href":"http:\/\/www.tus-waldfeucht.de\/index.php?rest_route=%2Fwp%2Fv2%2Fcategories&post=560"},{"taxonomy":"post_tag","embeddable":true,"href":"http:\/\/www.tus-waldfeucht.de\/index.php?rest_route=%2Fwp%2Fv2%2Ftags&post=560"}],"curies":[{"name":"wp","href":"https:\/\/api.w.org\/{rel}","templated":true}]}}